{"id":2619,"date":"2019-03-18T17:41:48","date_gmt":"2019-03-18T17:41:48","guid":{"rendered":"http:\/\/www.aularuralhortadepinyana.com\/casal-de-setmana-santa-2019\/?lang=es"},"modified":"2019-05-09T18:19:13","modified_gmt":"2019-05-09T18:19:13","slug":"casal-de-setmana-santa-2019","status":"publish","type":"post","link":"https:\/\/www.aularuralhortadepinyana.com\/es\/casal-de-setmana-santa-2019\/","title":{"rendered":"Casal d&#8217;estiu 2019"},"content":{"rendered":"<h3>\u00a0<em>Connecta amb la natura amb nosaltres!<\/em><\/h3>\n<p>Voleu saber tot el que tenim preparat per que aquest sigui un estiu inoblidable? Seguiu llegint! ;)<\/p>\n<h3><img decoding=\"async\" class=\"alignnone wp-image-2633 size-full\" src=\"http:\/\/www.aularuralhortadepinyana.com\/wp-content\/uploads\/2019\/03\/CASAL-ESTIU-2019.jpg\" alt=\"\" width=\"1587\" height=\"2245\" srcset=\"https:\/\/www.aularuralhortadepinyana.com\/wp-content\/uploads\/2019\/03\/CASAL-ESTIU-2019-500x707.jpg 500w, https:\/\/www.aularuralhortadepinyana.com\/wp-content\/uploads\/2019\/03\/CASAL-ESTIU-2019-700x990.jpg 700w, https:\/\/www.aularuralhortadepinyana.com\/wp-content\/uploads\/2019\/03\/CASAL-ESTIU-2019.jpg 1587w\" sizes=\"(max-width: 1587px) 100vw, 1587px\" \/><\/h3>\n<h4><em><strong>\u00a0<\/strong><\/em><\/h4>\n<h4><em><strong>I quines activitats es duran a terme? \u00b7<\/strong><\/em><\/h4>\n<p>Ser\u00e0 magn\u00edfic pels nens poder gaudir de nombroses activitats tem\u00e0tiques amb un entorn com aquest, envoltats de natura, amplis espais de joc i conviv\u00e8ncia amb animals. Descobrint, aprenent i passant-s&#8217;ho d&#8217;all\u00f2 m\u00e9s b\u00e9!<\/p>\n<ul>\n<li>Conviv\u00e8ncies<\/li>\n<li>Tallers d&#8217;horta<\/li>\n<li>Tallers amb els animals de granja<\/li>\n<li>Excursions<\/li>\n<li>Activitats multiesportives<\/li>\n<li><em>English classes<\/em><\/li>\n<li>Tallers de cuina<\/li>\n<li>Tallers de reciclatge i respecte per la natura<\/li>\n<li>Acampades<\/li>\n<li>Visites sorpresa<\/li>\n<li>I molt m\u00e9s!!!<\/li>\n<\/ul>\n<h3><strong><em>\u00b7 I com ho hem de fer per reservar? \u00b7<\/em><\/strong><\/h3>\n<p>Ho posem molt f\u00e0cil! Per\u00a0<strong>reservar pla\u00e7a<\/strong>\u00a0al casal d&#8217;Estiu 2019 nom\u00e9s caldr\u00e0 que&#8230;<\/p>\n<p><strong>A)<\/strong>\u00a0Trucar al\u00a0<strong>660759154<\/strong>\u00a0<em>(N\u00faria i Llu\u00eds)<\/em>\u00a0i fer l&#8217;inscripci\u00f3.<br \/>\n<strong>B)<\/strong>\u00a0Contactar-nos a trav\u00e9s de l&#8217;email\u00a0<strong><a href=\"mailto:aularural.hortadepinyana@gmail.com\" target=\"_blank\" rel=\"noopener noreferrer\">aularural.hortadepinyana@gmail.com<\/a><\/strong>\u00a0i fer l&#8217;inscripci\u00f3.<\/p>\n<p><strong>M\u00e9s informaci\u00f3 i tarifes:<\/strong><br \/>\n<a href=\"http:\/\/www.aularuralhortadepinyana.com\/wp-content\/uploads\/2019\/05\/INSCRIPCIO-CASAL-ESTIU-2019.docx\" target=\"_blank\" rel=\"noopener noreferrer\">Inscripci\u00f3 casal d&#8217;estiu 2019_ Aula Rural Horta de Pinyana<\/a>.<\/p>\n<p>L&#8217;esperem amb moltes ganes! :)<\/p>\n<p><em>Llu\u00eds &amp; N\u00faria.<\/em><\/p>\n<h4><\/h4>\n","protected":false},"excerpt":{"rendered":"<p>\u00a0Connecta amb la natura amb nosaltres! Voleu saber tot el [&hellip;]<\/p>\n","protected":false},"author":1,"featured_media":2634,"comment_status":"open","ping_status":"open","sticky":false,"template":"","format":"standard","meta":{"om_disable_all_campaigns":false,"_monsterinsights_skip_tracking":false,"_monsterinsights_sitenote_active":false,"_monsterinsights_sitenote_note":"","_monsterinsights_sitenote_category":0,"footnotes":""},"categories":[38],"tags":[],"aioseo_notices":[],"_links":{"self":[{"href":"https:\/\/www.aularuralhortadepinyana.com\/es\/wp-json\/wp\/v2\/posts\/2619"}],"collection":[{"href":"https:\/\/www.aularuralhortadepinyana.com\/es\/wp-json\/wp\/v2\/posts"}],"about":[{"href":"https:\/\/www.aularuralhortadepinyana.com\/es\/wp-json\/wp\/v2\/types\/post"}],"author":[{"embeddable":true,"href":"https:\/\/www.aularuralhortadepinyana.com\/es\/wp-json\/wp\/v2\/users\/1"}],"replies":[{"embeddable":true,"href":"https:\/\/www.aularuralhortadepinyana.com\/es\/wp-json\/wp\/v2\/comments?post=2619"}],"version-history":[{"count":5,"href":"https:\/\/www.aularuralhortadepinyana.com\/es\/wp-json\/wp\/v2\/posts\/2619\/revisions"}],"predecessor-version":[{"id":2642,"href":"https:\/\/www.aularuralhortadepinyana.com\/es\/wp-json\/wp\/v2\/posts\/2619\/revisions\/2642"}],"wp:featuredmedia":[{"embeddable":true,"href":"https:\/\/www.aularuralhortadepinyana.com\/es\/wp-json\/wp\/v2\/media\/2634"}],"wp:attachment":[{"href":"https:\/\/www.aularuralhortadepinyana.com\/es\/wp-json\/wp\/v2\/media?parent=2619"}],"wp:term":[{"taxonomy":"category","embeddable":true,"href":"https:\/\/www.aularuralhortadepinyana.com\/es\/wp-json\/wp\/v2\/categories?post=2619"},{"taxonomy":"post_tag","embeddable":true,"href":"https:\/\/www.aularuralhortadepinyana.com\/es\/wp-json\/wp\/v2\/tags?post=2619"}],"curies":[{"name":"wp","href":"https:\/\/api.w.org\/{rel}","templated":true}]}}