{"id":2087,"date":"2017-10-17T21:07:53","date_gmt":"2017-10-17T21:07:53","guid":{"rendered":"http:\/\/www.aularuralhortadepinyana.com\/fira-de-la-figa-dalguaire-2017\/?lang=es"},"modified":"2018-01-08T17:21:30","modified_gmt":"2018-01-08T17:21:30","slug":"fira-de-la-figa-dalguaire-2017","status":"publish","type":"post","link":"https:\/\/www.aularuralhortadepinyana.com\/es\/fira-de-la-figa-dalguaire-2017\/","title":{"rendered":"Fira de la Figa d&#8217;Alguaire 2017"},"content":{"rendered":"<h3>L&#8217;Aula rural l&#8217;Horta de Pinyana\u00a0present\u00f3\u00a0a la Fira de la Figa d&#8217;Alguaire que es va celebrar els dies 16 i 17 de setembre.<\/h3>\n<h3>Vam montar un bonic estand i una zona per a que els m\u00e9s petits f\u00e9ssin manualitats. Ens vam donar a con\u00e9ixer i en vam sortir satisfets.<\/h3>\n<h3>Aqu\u00ed us deixem alguna foto.<\/h3>\n\n\t\t<style type=\"text\/css\">\n\t\t\t#gallery-1 {\n\t\t\t\tmargin: auto;\n\t\t\t}\n\t\t\t#gallery-1 .gallery-item {\n\t\t\t\tfloat: left;\n\t\t\t\tmargin-top: 10px;\n\t\t\t\ttext-align: center;\n\t\t\t\twidth: 33%;\n\t\t\t}\n\t\t\t#gallery-1 img {\n\t\t\t\tborder: 2px solid #cfcfcf;\n\t\t\t}\n\t\t\t#gallery-1 .gallery-caption {\n\t\t\t\tmargin-left: 0;\n\t\t\t}\n\t\t\t\/* see gallery_shortcode() in wp-includes\/media.php *\/\n\t\t<\/style>\n\t\t<div id='gallery-1' class='gallery galleryid-2087 gallery-columns-3 gallery-size-thumbnail'><dl class='gallery-item'>\n\t\t\t<dt class='gallery-icon landscape'>\n\t\t\t\t<a data-rel=\"iLightbox[postimages]\" data-title=\"IMG_20170916_111351\" data-caption=\"\" href='https:\/\/www.aularuralhortadepinyana.com\/es\/fira-de-la-figa-dalguaire-2017\/img_20170916_111351-2\/'><img decoding=\"async\" width=\"150\" height=\"84\" src=\"https:\/\/www.aularuralhortadepinyana.com\/wp-content\/uploads\/2017\/10\/IMG_20170916_111351-scaled.jpg\" class=\"attachment-thumbnail size-thumbnail\" alt=\"\" srcset=\"https:\/\/www.aularuralhortadepinyana.com\/wp-content\/uploads\/2017\/10\/IMG_20170916_111351-500x281.jpg 500w, https:\/\/www.aularuralhortadepinyana.com\/wp-content\/uploads\/2017\/10\/IMG_20170916_111351-700x393.jpg 700w, https:\/\/www.aularuralhortadepinyana.com\/wp-content\/uploads\/2017\/10\/IMG_20170916_111351-scaled.jpg 2560w\" sizes=\"(max-width: 150px) 100vw, 150px\" \/><\/a>\n\t\t\t<\/dt><\/dl><dl class='gallery-item'>\n\t\t\t<dt class='gallery-icon landscape'>\n\t\t\t\t<a data-rel=\"iLightbox[postimages]\" data-title=\"IMG_20170916_111430\" data-caption=\"\" href='https:\/\/www.aularuralhortadepinyana.com\/es\/fira-de-la-figa-dalguaire-2017\/img_20170916_111430-2\/'><img decoding=\"async\" width=\"150\" height=\"84\" src=\"https:\/\/www.aularuralhortadepinyana.com\/wp-content\/uploads\/2017\/10\/IMG_20170916_111430-scaled.jpg\" class=\"attachment-thumbnail size-thumbnail\" alt=\"\" srcset=\"https:\/\/www.aularuralhortadepinyana.com\/wp-content\/uploads\/2017\/10\/IMG_20170916_111430-500x281.jpg 500w, https:\/\/www.aularuralhortadepinyana.com\/wp-content\/uploads\/2017\/10\/IMG_20170916_111430-700x393.jpg 700w, https:\/\/www.aularuralhortadepinyana.com\/wp-content\/uploads\/2017\/10\/IMG_20170916_111430-scaled.jpg 2560w\" sizes=\"(max-width: 150px) 100vw, 150px\" \/><\/a>\n\t\t\t<\/dt><\/dl><dl class='gallery-item'>\n\t\t\t<dt class='gallery-icon landscape'>\n\t\t\t\t<a data-rel=\"iLightbox[postimages]\" data-title=\"IMG_20170916_111455\" data-caption=\"\" href='https:\/\/www.aularuralhortadepinyana.com\/es\/fira-de-la-figa-dalguaire-2017\/img_20170916_111455-2\/'><img decoding=\"async\" width=\"150\" height=\"84\" src=\"https:\/\/www.aularuralhortadepinyana.com\/wp-content\/uploads\/2017\/10\/IMG_20170916_111455-scaled.jpg\" class=\"attachment-thumbnail size-thumbnail\" alt=\"\" srcset=\"https:\/\/www.aularuralhortadepinyana.com\/wp-content\/uploads\/2017\/10\/IMG_20170916_111455-500x281.jpg 500w, https:\/\/www.aularuralhortadepinyana.com\/wp-content\/uploads\/2017\/10\/IMG_20170916_111455-700x393.jpg 700w, https:\/\/www.aularuralhortadepinyana.com\/wp-content\/uploads\/2017\/10\/IMG_20170916_111455-scaled.jpg 2560w\" sizes=\"(max-width: 150px) 100vw, 150px\" \/><\/a>\n\t\t\t<\/dt><\/dl><br style=\"clear: both\" \/><dl class='gallery-item'>\n\t\t\t<dt class='gallery-icon landscape'>\n\t\t\t\t<a data-rel=\"iLightbox[postimages]\" data-title=\"IMG_20170916_195610\" data-caption=\"\" href='https:\/\/www.aularuralhortadepinyana.com\/es\/fira-de-la-figa-dalguaire-2017\/img_20170916_195610-2\/'><img decoding=\"async\" width=\"150\" height=\"84\" src=\"https:\/\/www.aularuralhortadepinyana.com\/wp-content\/uploads\/2017\/10\/IMG_20170916_195610-scaled.jpg\" class=\"attachment-thumbnail size-thumbnail\" alt=\"\" srcset=\"https:\/\/www.aularuralhortadepinyana.com\/wp-content\/uploads\/2017\/10\/IMG_20170916_195610-500x281.jpg 500w, https:\/\/www.aularuralhortadepinyana.com\/wp-content\/uploads\/2017\/10\/IMG_20170916_195610-700x393.jpg 700w, https:\/\/www.aularuralhortadepinyana.com\/wp-content\/uploads\/2017\/10\/IMG_20170916_195610-scaled.jpg 2560w\" sizes=\"(max-width: 150px) 100vw, 150px\" \/><\/a>\n\t\t\t<\/dt><\/dl>\n\t\t\t<br style='clear: both' \/>\n\t\t<\/div>\n\n","protected":false},"excerpt":{"rendered":"<p>L&#8217;Aula rural l&#8217;Horta de Pinyana\u00a0present\u00f3\u00a0a la Fira de la Figa [&hellip;]<\/p>\n","protected":false},"author":1,"featured_media":1572,"comment_status":"open","ping_status":"open","sticky":false,"template":"","format":"standard","meta":{"om_disable_all_campaigns":false,"_monsterinsights_skip_tracking":false,"_monsterinsights_sitenote_active":false,"_monsterinsights_sitenote_note":"","_monsterinsights_sitenote_category":0,"footnotes":""},"categories":[38],"tags":[],"aioseo_notices":[],"_links":{"self":[{"href":"https:\/\/www.aularuralhortadepinyana.com\/es\/wp-json\/wp\/v2\/posts\/2087"}],"collection":[{"href":"https:\/\/www.aularuralhortadepinyana.com\/es\/wp-json\/wp\/v2\/posts"}],"about":[{"href":"https:\/\/www.aularuralhortadepinyana.com\/es\/wp-json\/wp\/v2\/types\/post"}],"author":[{"embeddable":true,"href":"https:\/\/www.aularuralhortadepinyana.com\/es\/wp-json\/wp\/v2\/users\/1"}],"replies":[{"embeddable":true,"href":"https:\/\/www.aularuralhortadepinyana.com\/es\/wp-json\/wp\/v2\/comments?post=2087"}],"version-history":[{"count":2,"href":"https:\/\/www.aularuralhortadepinyana.com\/es\/wp-json\/wp\/v2\/posts\/2087\/revisions"}],"predecessor-version":[{"id":2090,"href":"https:\/\/www.aularuralhortadepinyana.com\/es\/wp-json\/wp\/v2\/posts\/2087\/revisions\/2090"}],"wp:featuredmedia":[{"embeddable":true,"href":"https:\/\/www.aularuralhortadepinyana.com\/es\/wp-json\/wp\/v2\/media\/1572"}],"wp:attachment":[{"href":"https:\/\/www.aularuralhortadepinyana.com\/es\/wp-json\/wp\/v2\/media?parent=2087"}],"wp:term":[{"taxonomy":"category","embeddable":true,"href":"https:\/\/www.aularuralhortadepinyana.com\/es\/wp-json\/wp\/v2\/categories?post=2087"},{"taxonomy":"post_tag","embeddable":true,"href":"https:\/\/www.aularuralhortadepinyana.com\/es\/wp-json\/wp\/v2\/tags?post=2087"}],"curies":[{"name":"wp","href":"https:\/\/api.w.org\/{rel}","templated":true}]}}