{"id":1386,"date":"2017-05-09T09:09:09","date_gmt":"2017-05-09T09:09:09","guid":{"rendered":"http:\/\/www.aularuralhortadepinyana.com\/castell-medieval-al-nostre-sorral\/?lang=es"},"modified":"2017-05-19T10:16:55","modified_gmt":"2017-05-19T10:16:55","slug":"castell-medieval-al-nostre-sorral","status":"publish","type":"post","link":"https:\/\/www.aularuralhortadepinyana.com\/es\/castell-medieval-al-nostre-sorral\/","title":{"rendered":"Castillo medieval en nuestro arenal"},"content":{"rendered":"<p>Nos encanta la imaginaci\u00f3n y la creativa que tienen los ni\u00f1os y las ni\u00f1as. <span class=\"_5mfr _47e3\"><img decoding=\"async\" class=\"img\" src=\"https:\/\/www.facebook.com\/images\/emoji.php\/v8\/fb2\/1\/16\/1f469_1f3fc_200d_1f3a8.png\" alt=\"\" width=\"16\" height=\"16\" \/><span class=\"_7oe\">&#x1f469;&#x1f3fc;\u200d&#x1f3a8;<\/span><\/span><span class=\"_5mfr _47e3\"><img decoding=\"async\" class=\"img\" src=\"https:\/\/www.facebook.com\/images\/emoji.php\/v8\/f34\/1\/16\/1f468_1f3fb_200d_1f3a8.png\" alt=\"\" width=\"16\" height=\"16\" \/><span class=\"_7oe\">&#x1f468;&#x1f3fb;\u200d&#x1f3a8;Estas fotos las hicimos un d\u00eda del Casal de Semana Santa<\/span><\/span>. <span class=\"_5mfr _47e3\"><img decoding=\"async\" class=\"img\" src=\"https:\/\/www.facebook.com\/images\/emoji.php\/v8\/fd\/1\/16\/1f423.png\" alt=\"\" width=\"16\" height=\"16\" \/><span class=\"_7oe\">&#x1f423;Sabeis que es<\/span><\/span>? Es un castillo medieval<span class=\"_5mfr _47e3\"><img decoding=\"async\" class=\"img\" src=\"https:\/\/www.facebook.com\/images\/emoji.php\/v8\/f95\/1\/16\/1f3f0.png\" alt=\"\" width=\"16\" height=\"16\" \/><span class=\"_7oe\">&#x1f3f0;<\/span><\/span>, con su torre de homenaje, sus murallas, el foso, la puerta levadiza..&#x1f5fa;<span class=\"_5mfr _47e3\"><img decoding=\"async\" class=\"img\" src=\"https:\/\/www.facebook.com\/images\/emoji.php\/v8\/fb7\/1\/16\/269c.png\" alt=\"\" width=\"16\" height=\"16\" \/><span class=\"_7oe\">\u269c\ufe0f<\/span><\/span><span class=\"_5mfr _47e3\"><img decoding=\"async\" class=\"img\" src=\"https:\/\/www.facebook.com\/images\/emoji.php\/v8\/f60\/1\/16\/1f51d.png\" alt=\"\" width=\"16\" height=\"16\" \/><span class=\"_7oe\">&#x1f51d;<\/span><\/span><span class=\"_5mfr _47e3\"><img decoding=\"async\" class=\"img\" src=\"https:\/\/www.facebook.com\/images\/emoji.php\/v8\/fac\/1\/16\/2665.png\" alt=\"\" width=\"16\" height=\"16\" \/><span class=\"_7oe\">\u2665\ufe0f<\/span><\/span> y es esto lo que intentamos, que despierten su imaginaci\u00f3n y creatividad dej\u00e1ndolos a ellos materiales en nuestro arenero! <span class=\"_5mfr _47e3\"><img decoding=\"async\" class=\"img\" src=\"https:\/\/www.facebook.com\/images\/emoji.php\/v8\/fee\/1\/16\/1f469_1f3fb_200d_1f33e.png\" alt=\"\" width=\"16\" height=\"16\" \/><span class=\"_7oe\">&#x1f469;&#x1f3fb;\u200d&#x1f33e;<\/span><\/span><span class=\"_5mfr _47e3\"><img decoding=\"async\" class=\"img\" src=\"https:\/\/www.facebook.com\/images\/emoji.php\/v8\/f2e\/1\/16\/1f468_1f3fc_200d_1f33e.png\" alt=\"\" width=\"16\" height=\"16\" \/><span class=\"_7oe\">&#x1f468;&#x1f3fc;\u200d&#x1f33e;<\/span><\/span><span class=\"_5mfr _47e3\"><img decoding=\"async\" class=\"img\" src=\"https:\/\/www.facebook.com\/images\/emoji.php\/v8\/f3a\/1\/16\/1f645_1f3fd_200d_2640.png\" alt=\"\" width=\"16\" height=\"16\" \/><span class=\"_7oe\">&#x1f645;&#x1f3fd;<\/span><\/span><span class=\"_5mfr _47e3\"><img decoding=\"async\" class=\"img\" src=\"https:\/\/www.facebook.com\/images\/emoji.php\/v8\/ff1\/1\/16\/1f481_1f3fc_200d_2642.png\" alt=\"\" width=\"16\" height=\"16\" \/><span class=\"_7oe\">&#x1f481;&#x1f3fc;\u200d\u2642\ufe0f<\/span><\/span><\/p>\n\n\t\t<style type=\"text\/css\">\n\t\t\t#gallery-1 {\n\t\t\t\tmargin: auto;\n\t\t\t}\n\t\t\t#gallery-1 .gallery-item {\n\t\t\t\tfloat: left;\n\t\t\t\tmargin-top: 10px;\n\t\t\t\ttext-align: center;\n\t\t\t\twidth: 33%;\n\t\t\t}\n\t\t\t#gallery-1 img {\n\t\t\t\tborder: 2px solid #cfcfcf;\n\t\t\t}\n\t\t\t#gallery-1 .gallery-caption {\n\t\t\t\tmargin-left: 0;\n\t\t\t}\n\t\t\t\/* see gallery_shortcode() in wp-includes\/media.php *\/\n\t\t<\/style>\n\t\t<div id='gallery-1' class='gallery galleryid-1386 gallery-columns-3 gallery-size-thumbnail'><dl class='gallery-item'>\n\t\t\t<dt class='gallery-icon portrait'>\n\t\t\t\t<a data-rel=\"iLightbox[postimages]\" data-title=\"18058078_1677579552549272_171261003553208580_n\" data-caption=\"\" href='https:\/\/www.aularuralhortadepinyana.com\/wp-content\/uploads\/2017\/05\/18058078_1677579552549272_171261003553208580_n.jpg'><img decoding=\"async\" width=\"113\" height=\"150\" src=\"https:\/\/www.aularuralhortadepinyana.com\/wp-content\/uploads\/2017\/05\/18058078_1677579552549272_171261003553208580_n.jpg\" class=\"attachment-thumbnail size-thumbnail\" alt=\"\" srcset=\"https:\/\/www.aularuralhortadepinyana.com\/wp-content\/uploads\/2017\/05\/18058078_1677579552549272_171261003553208580_n-500x667.jpg 500w, https:\/\/www.aularuralhortadepinyana.com\/wp-content\/uploads\/2017\/05\/18058078_1677579552549272_171261003553208580_n-700x933.jpg 700w, https:\/\/www.aularuralhortadepinyana.com\/wp-content\/uploads\/2017\/05\/18058078_1677579552549272_171261003553208580_n.jpg 720w\" sizes=\"(max-width: 113px) 100vw, 113px\" \/><\/a>\n\t\t\t<\/dt><\/dl><dl class='gallery-item'>\n\t\t\t<dt class='gallery-icon landscape'>\n\t\t\t\t<a data-rel=\"iLightbox[postimages]\" data-title=\"18156343_1677578449216049_4377841999077090628_o\" data-caption=\"\" href='https:\/\/www.aularuralhortadepinyana.com\/wp-content\/uploads\/2017\/05\/18156343_1677578449216049_4377841999077090628_o.jpg'><img decoding=\"async\" width=\"150\" height=\"113\" src=\"https:\/\/www.aularuralhortadepinyana.com\/wp-content\/uploads\/2017\/05\/18156343_1677578449216049_4377841999077090628_o.jpg\" class=\"attachment-thumbnail size-thumbnail\" alt=\"\" srcset=\"https:\/\/www.aularuralhortadepinyana.com\/wp-content\/uploads\/2017\/05\/18156343_1677578449216049_4377841999077090628_o-500x375.jpg 500w, https:\/\/www.aularuralhortadepinyana.com\/wp-content\/uploads\/2017\/05\/18156343_1677578449216049_4377841999077090628_o-700x525.jpg 700w, https:\/\/www.aularuralhortadepinyana.com\/wp-content\/uploads\/2017\/05\/18156343_1677578449216049_4377841999077090628_o.jpg 2048w\" sizes=\"(max-width: 150px) 100vw, 150px\" \/><\/a>\n\t\t\t<\/dt><\/dl>\n\t\t\t<br style='clear: both' \/>\n\t\t<\/div>\n\n","protected":false},"excerpt":{"rendered":"<p>Nos encanta la imaginaci\u00f3n y la creativa que tienen los [&hellip;]<\/p>\n","protected":false},"author":1,"featured_media":1388,"comment_status":"open","ping_status":"open","sticky":false,"template":"","format":"standard","meta":{"om_disable_all_campaigns":false,"_monsterinsights_skip_tracking":false,"_monsterinsights_sitenote_active":false,"_monsterinsights_sitenote_note":"","_monsterinsights_sitenote_category":0,"footnotes":""},"categories":[38],"tags":[],"aioseo_notices":[],"_links":{"self":[{"href":"https:\/\/www.aularuralhortadepinyana.com\/es\/wp-json\/wp\/v2\/posts\/1386"}],"collection":[{"href":"https:\/\/www.aularuralhortadepinyana.com\/es\/wp-json\/wp\/v2\/posts"}],"about":[{"href":"https:\/\/www.aularuralhortadepinyana.com\/es\/wp-json\/wp\/v2\/types\/post"}],"author":[{"embeddable":true,"href":"https:\/\/www.aularuralhortadepinyana.com\/es\/wp-json\/wp\/v2\/users\/1"}],"replies":[{"embeddable":true,"href":"https:\/\/www.aularuralhortadepinyana.com\/es\/wp-json\/wp\/v2\/comments?post=1386"}],"version-history":[{"count":3,"href":"https:\/\/www.aularuralhortadepinyana.com\/es\/wp-json\/wp\/v2\/posts\/1386\/revisions"}],"predecessor-version":[{"id":1419,"href":"https:\/\/www.aularuralhortadepinyana.com\/es\/wp-json\/wp\/v2\/posts\/1386\/revisions\/1419"}],"wp:featuredmedia":[{"embeddable":true,"href":"https:\/\/www.aularuralhortadepinyana.com\/es\/wp-json\/wp\/v2\/media\/1388"}],"wp:attachment":[{"href":"https:\/\/www.aularuralhortadepinyana.com\/es\/wp-json\/wp\/v2\/media?parent=1386"}],"wp:term":[{"taxonomy":"category","embeddable":true,"href":"https:\/\/www.aularuralhortadepinyana.com\/es\/wp-json\/wp\/v2\/categories?post=1386"},{"taxonomy":"post_tag","embeddable":true,"href":"https:\/\/www.aularuralhortadepinyana.com\/es\/wp-json\/wp\/v2\/tags?post=1386"}],"curies":[{"name":"wp","href":"https:\/\/api.w.org\/{rel}","templated":true}]}}